[{"@context":"https:\/\/schema.org\/","@type":"Article","@id":"https:\/\/www.bolly.cz\/pro-narocne\/#Article","mainEntityOfPage":"https:\/\/www.bolly.cz\/pro-narocne\/","headline":"Pro n\u00e1ro\u010dn\u00e9","name":"Pro n\u00e1ro\u010dn\u00e9","description":"Cel\u00fd rok tvrd\u011b pracujete a nedop\u0159ejete si ani chv\u00edli oddychu, pak je tedy samoz\u0159ejm\u00e9, \u017ee se chcete odm\u011bnit t\u00edm nejlep\u0161\u00edm a nejluxusn\u011bj\u0161\u00edm. Se vzr\u016fstaj\u00edc\u00edm pracovn\u00edm tempem a nar\u016fstaj\u00edc\u00edmi po\u017eadavky Va\u0161eho nad\u0159\u00edzen\u00e9ho ale nem\u016f\u017eete odjet na cel\u00fdch \u010dtrn\u00e1ct dn\u00ed do tepl\u00fdch vod karibsk\u00fdch mo\u0159\u00ed, a tak nezb\u00fdv\u00e1, ne\u017e naj\u00edt n\u011bjak\u00fd dokonal\u00fd prodlou\u017een\u00fd v\u00edkend v \u010cesk\u00fdch luz\u00edch [&hellip;]","datePublished":"2025-04-09","dateModified":"2025-04-09","author":{"@type":"Person","@id":"https:\/\/www.bolly.cz\/author\/#Person","name":"","url":"https:\/\/www.bolly.cz\/author\/","identifier":1,"image":{"@type":"ImageObject","@id":"https:\/\/secure.gravatar.com\/avatar\/7ca2d940d0ae3b24fc759c0201b34a0f70fe6611e5abefd5978e89211a09cdfd?s=96&d=mm&r=g","url":"https:\/\/secure.gravatar.com\/avatar\/7ca2d940d0ae3b24fc759c0201b34a0f70fe6611e5abefd5978e89211a09cdfd?s=96&d=mm&r=g","height":96,"width":96}},"publisher":{"@type":"Organization","name":"bolly.cz","logo":{"@type":"ImageObject","@id":"\/logo.png","url":"\/logo.png","width":600,"height":60}},"url":"https:\/\/www.bolly.cz\/pro-narocne\/","wordCount":175,"articleBody":"Cel\u00fd rok tvrd\u011b pracujete a nedop\u0159ejete si ani chv\u00edli oddychu, pak je tedy samoz\u0159ejm\u00e9, \u017ee se chcete odm\u011bnit t\u00edm nejlep\u0161\u00edm a nejluxusn\u011bj\u0161\u00edm. Se vzr\u016fstaj\u00edc\u00edm pracovn\u00edm tempem a nar\u016fstaj\u00edc\u00edmi po\u017eadavky Va\u0161eho nad\u0159\u00edzen\u00e9ho ale nem\u016f\u017eete odjet na cel\u00fdch \u010dtrn\u00e1ct dn\u00ed do tepl\u00fdch vod karibsk\u00fdch mo\u0159\u00ed, a tak nezb\u00fdv\u00e1, ne\u017e naj\u00edt n\u011bjak\u00fd dokonal\u00fd prodlou\u017een\u00fd v\u00edkend v \u010cesk\u00fdch luz\u00edch a h\u00e1j\u00edch. Pension pro V\u00e1s P\u0159ipravili jsme proto pro V\u00e1s ubytov\u00e1n\u00ed Kol\u00edn, a to v netradi\u010dn\u00edm nov\u011b vybudovan\u00e9m pensionu v are\u00e1lu Vigvam, kter\u00fd poslou\u017e\u00ed jako \u00fato\u010di\u0161t\u011b pro zamilovan\u00e9 nebo jen jednodu\u0161e upracovan\u00e9. P\u0159ije\u010fte se p\u0159esv\u011bd\u010dit, \u017ee dok\u00e1\u017eeme uspokojit i nejn\u00e1ro\u010dn\u011bj\u0161\u00ed z\u00e1kazn\u00edky a nab\u00eddnout ty nejhez\u010d\u00ed chv\u00edle relaxace. T\u011b\u0161\u00edme se na V\u00e1s ji\u017e dnes, tak nev\u00e1hejte a objednejte si pokoj.                                                                                                                                                                                                                                                                                                                                                                                                "},{"@context":"https:\/\/schema.org\/","@type":"BreadcrumbList","itemListElement":[{"@type":"ListItem","position":1,"name":"Pro n\u00e1ro\u010dn\u00e9","item":"https:\/\/www.bolly.cz\/pro-narocne\/#breadcrumbitem"}]}]