[{"@context":"https:\/\/schema.org\/","@type":"Article","@id":"https:\/\/www.bolly.cz\/prace-na-pocitaci\/#Article","mainEntityOfPage":"https:\/\/www.bolly.cz\/prace-na-pocitaci\/","headline":"Pr\u00e1ce na po\u010d\u00edta\u010di","name":"Pr\u00e1ce na po\u010d\u00edta\u010di","description":"V\u017edycky jsem si \u0159\u00edkala, \u017ee bych si p\u0159\u00e1la m\u00edt dokonal\u00fd po\u010d\u00edta\u010d. Proto\u017ee v dne\u0161n\u00ed dob\u011b je um\u011bn\u00ed na po\u010d\u00edta\u010di a taky samotn\u00fd po\u010d\u00edta\u010d opravdu hodn\u011b d\u016fle\u017eit\u00fd. Proto jsem si \u0159ekla, \u017ee sis brig\u00e1du na\u0161et\u0159\u00edm trochu v\u00edce pen\u011bz, abych se mohla dop\u0159\u00e1t lep\u0161\u00ed po\u010d\u00edta\u010d, ne\u017e v\u00e1m te\u010f. Nyn\u00ed m\u00e1m sice po\u010d\u00edta\u010d, kter\u00fd je star\u00fd \u010dty\u0159i roky, [&hellip;]","datePublished":"2022-08-07","dateModified":"2022-08-07","author":{"@type":"Person","@id":"https:\/\/www.bolly.cz\/author\/#Person","name":"","url":"https:\/\/www.bolly.cz\/author\/","identifier":1,"image":{"@type":"ImageObject","@id":"https:\/\/secure.gravatar.com\/avatar\/7ca2d940d0ae3b24fc759c0201b34a0f70fe6611e5abefd5978e89211a09cdfd?s=96&d=mm&r=g","url":"https:\/\/secure.gravatar.com\/avatar\/7ca2d940d0ae3b24fc759c0201b34a0f70fe6611e5abefd5978e89211a09cdfd?s=96&d=mm&r=g","height":96,"width":96}},"publisher":{"@type":"Organization","name":"bolly.cz","logo":{"@type":"ImageObject","@id":"\/logo.png","url":"\/logo.png","width":600,"height":60}},"image":{"@type":"ImageObject","@id":"https:\/\/www.bolly.cz\/wp-content\/uploads\/po%C4%8D_2.JPG","url":"https:\/\/www.bolly.cz\/wp-content\/uploads\/po%C4%8D_2.JPG","height":0,"width":0},"url":"https:\/\/www.bolly.cz\/prace-na-pocitaci\/","about":["IT"],"wordCount":434,"articleBody":"V\u017edycky jsem si \u0159\u00edkala, \u017ee bych si p\u0159\u00e1la m\u00edt dokonal\u00fd po\u010d\u00edta\u010d. Proto\u017ee v dne\u0161n\u00ed dob\u011b je um\u011bn\u00ed na po\u010d\u00edta\u010di a taky samotn\u00fd po\u010d\u00edta\u010d opravdu hodn\u011b d\u016fle\u017eit\u00fd. Proto jsem si \u0159ekla, \u017ee sis brig\u00e1du na\u0161et\u0159\u00edm trochu v\u00edce pen\u011bz, abych se mohla dop\u0159\u00e1t lep\u0161\u00ed po\u010d\u00edta\u010d, ne\u017e v\u00e1m te\u010f. Nyn\u00ed m\u00e1m sice po\u010d\u00edta\u010d, kter\u00fd je star\u00fd \u010dty\u0159i roky, ale v\u011b\u0159te mi, \u017ee skoro nen\u00ed nic. A v\u016fbec do n\u011bj nejdou d\u00e1vat c\u00e9d\u00e9\u010dka, tak\u017ee se nem\u016f\u017eu d\u00edvat na n\u011bjak\u00e9 filmy na CD a nebo se vyu\u010dovat formou c\u00e9d\u00e9\u010dek. A tak jsem si \u0159ekla, \u017ee je takov\u00fd po\u010d\u00edta\u010de opravdu na nic. A na co mi bude takov\u00fd po\u010d\u00edta\u010d, kdy\u017e nem\u016f\u017eu na n\u011bm nic d\u011blat? A taky kdyby jste vid\u011bli jeho rychlost nebo po\u010d\u00edta\u010dov\u00e9 schopnosti, tak by se v\u00e1m asi cht\u011blo bre\u010det.A tak jsem si \u0159ekla, \u017ee rad\u011bji si u\u0161et\u0159\u00edm v\u00edce pen\u011bz, abych si po\u0159\u00eddila lep\u0161\u00ed po\u010d\u00edta\u010d. A tedy mysl\u00edm sp\u00ed\u0161e notebook. M\u00e1m rad\u011bji notebook ne\u017e po\u010d\u00edta\u010d, jenom\u017ee taky, kdy\u017e chci n\u011bjak\u00fd lep\u0161\u00ed notebook, tak taky samoz\u0159ejm\u011b pot\u0159ebuji m\u00edt r\u016fzn\u00e9 znalosti, kter\u00e9 se ode m\u011b o\u010dek\u00e1vaj\u00ed. Proto jsem se rad\u011bji p\u0159ihl\u00e1sila na p\u016fl ro\u010dn\u00ed kurz informa\u010dn\u00ed technologie a tak\u00e9 obecn\u011b o po\u010d\u00edta\u010d\u00edch, abych se nau\u010dila toho l\u00e9pe ne\u017e jenom r\u016fzn\u00e9 z\u00e1kladn\u00ed funkce. Um\u00edm\u00a0online\u00a0nakoupit a taky um\u00edm st\u00e1hnout firma nebo si ho taky pustit, ale cht\u011bla bych se nau\u010dit taky s\u00a0Wordem\u00a0anebo r\u016fzn\u00e9 tabulky, proto\u017ee to potom budu pot\u0159ebovat na vysok\u00e9 \u0161kole, kam jdu p\u0159\u00ed\u0161t\u00ed rok. Uvid\u00edm, jak tohle v\u0161echno budu zvl\u00e1dat. Taky jsem\u00a0se\u00a0od sv\u00e9 sestry dozv\u011bd\u011bla, \u017ee pro n\u011bkoho je\u00a0pochopen\u00ed\u00a0informa\u010dn\u00ed\u00a0technologie\u00a0opravdu slo\u017eit\u00e9, \u017ee to t\u0159eba taky n\u011bkdo nepochop\u00ed v\u016fbec. Jak je to ale mo\u017en\u00e9? A j\u00e1 tedy budu\u00a0doufat, \u017ee j\u00e1 ten p\u0159\u00edpad nebudu a v\u0161echno\u00a0se mi\u00a0poda\u0159\u00ed. Cht\u011bla bych toti\u017e s\u00a0po\u010d\u00edta\u010dem\u00a0taky\u00a0v budoucnu vynikat, tak\u017ee se budu v\u00edce sna\u017eit, bych ten\u00a0po\u010d\u00edta\u010dov\u00fd\u00a0kurz ned\u011blala jenom\u00a0zbyte\u010dn\u011b. Je drah\u00fd, tak a\u0165 se\u00a0mi\u00a0po\u010d\u00edta\u010dov\u00e9 schopnosti po\u0159\u00e1dn\u011b\u00a0vryj\u00ed\u00a0do pam\u011bti.\u00a0                                                                                                                                                                                                                                                                                                                                                                                        4\/5 - (2 votes)        "},{"@context":"https:\/\/schema.org\/","@type":"BreadcrumbList","itemListElement":[{"@type":"ListItem","position":1,"name":"Pr\u00e1ce na po\u010d\u00edta\u010di","item":"https:\/\/www.bolly.cz\/prace-na-pocitaci\/#breadcrumbitem"}]}]