[{"@context":"https:\/\/schema.org\/","@type":"Article","@id":"https:\/\/www.bolly.cz\/co-dokaze-vzduch-aneb-jak-jej-vyuzit-ve-svuj-prospech-nejen-u-obleceni\/#Article","mainEntityOfPage":"https:\/\/www.bolly.cz\/co-dokaze-vzduch-aneb-jak-jej-vyuzit-ve-svuj-prospech-nejen-u-obleceni\/","headline":"Co dok\u00e1\u017ee vzduch aneb jak jej vyu\u017e\u00edt ve sv\u016fj prosp\u011bch (nejen) u oble\u010den\u00ed","name":"Co dok\u00e1\u017ee vzduch aneb jak jej vyu\u017e\u00edt ve sv\u016fj prosp\u011bch (nejen) u oble\u010den\u00ed","description":"Vzduch, kter\u00fd d\u00fdch\u00e1me, pova\u017eujeme za naprostou samoz\u0159ejmost, a uv\u011bdomujeme si jej zejm\u00e9na ve chv\u00edli, kdy se n\u00e1m doma cosi p\u0159ip\u00e1lilo na p\u00e1nvi a je nutn\u00e9 rychle vyv\u011btrat, anebo je venku smogov\u00e1 situace a trp\u00edme respira\u010dn\u00edmi probl\u00e9my. Vzduchov\u00e9 hmoty v\u0161ak m\u016f\u017eeme vyu\u017e\u00edvat i jinak. Voln\u00e9 oble\u010den\u00ed \u2013 nos\u00edte rad\u011bji voln\u00e9 oble\u010den\u00ed, nebo upnut\u00e9? Pokud jste ten [&hellip;]","datePublished":"2022-02-22","dateModified":"2023-05-07","author":{"@type":"Person","@id":"https:\/\/www.bolly.cz\/author\/#Person","name":"","url":"https:\/\/www.bolly.cz\/author\/","identifier":1,"image":{"@type":"ImageObject","@id":"https:\/\/secure.gravatar.com\/avatar\/7ca2d940d0ae3b24fc759c0201b34a0f70fe6611e5abefd5978e89211a09cdfd?s=96&d=mm&r=g","url":"https:\/\/secure.gravatar.com\/avatar\/7ca2d940d0ae3b24fc759c0201b34a0f70fe6611e5abefd5978e89211a09cdfd?s=96&d=mm&r=g","height":96,"width":96}},"publisher":{"@type":"Organization","name":"bolly.cz","logo":{"@type":"ImageObject","@id":"\/logo.png","url":"\/logo.png","width":600,"height":60}},"image":{"@type":"ImageObject","@id":"https:\/\/www.bolly.cz\/wp-content\/uploads\/man-5570406_640.jpg","url":"https:\/\/www.bolly.cz\/wp-content\/uploads\/man-5570406_640.jpg","height":0,"width":0},"url":"https:\/\/www.bolly.cz\/co-dokaze-vzduch-aneb-jak-jej-vyuzit-ve-svuj-prospech-nejen-u-obleceni\/","about":["M\u00f3da"],"wordCount":413,"articleBody":"Vzduch, kter\u00fd d\u00fdch\u00e1me, pova\u017eujeme za naprostou samoz\u0159ejmost, a uv\u011bdomujeme si jej zejm\u00e9na ve chv\u00edli, kdy se n\u00e1m doma cosi p\u0159ip\u00e1lilo na p\u00e1nvi a je nutn\u00e9 rychle vyv\u011btrat, anebo je venku smogov\u00e1 situace a trp\u00edme respira\u010dn\u00edmi probl\u00e9my. Vzduchov\u00e9 hmoty v\u0161ak m\u016f\u017eeme vyu\u017e\u00edvat i jinak.Voln\u00e9 oble\u010den\u00ed \u2013 nos\u00edte rad\u011bji voln\u00e9 oble\u010den\u00ed, nebo upnut\u00e9? Pokud jste ten druh\u00fd p\u0159\u00edpad, po\u010d\u00edtejte s\u00a0t\u00edm, \u017ee mezi v\u00e1mi a okoln\u00edm prost\u0159ed\u00edm nebude krom\u011b textiln\u00ed l\u00e1tky\u00a0\u017e\u00e1dn\u00e1 izola\u010dn\u00ed hmota, a \u017ee bude va\u0161e t\u011blo v\u00edce zat\u00ed\u017eeno procesem termoregulace. Spot\u0159ebujete zkr\u00e1tka v\u00edce energie na ochlazov\u00e1n\u00ed \u010di zah\u0159\u00edv\u00e1n\u00ed t\u011bla v\u00a0dob\u011b, kdy je venku sp\u00ed\u0161e chladno nebo naopak horko. Kdo v\u0161ak nos\u00ed oble\u010den\u00ed voln\u00e9ho st\u0159ihu, a t\u0159eba i trochu v\u011bt\u0161\u00edch velikost\u00ed, m\u00e1 mezi od\u011bvem a poko\u017ekou vzduchovou vrstvu, kter\u00e1 v\u00fdrazn\u011b pom\u00e1h\u00e1 jako tepeln\u00fd izolant. Budete se v\u00a0takov\u00e9m od\u011bvu c\u00edtit l\u00e9pe pr\u00e1v\u011b d\u00edky tomuto jevu.Hrnek s\u00a0dvojit\u00fdm pl\u00e1\u0161t\u011bm \u2013 mo\u017en\u00e1, \u017ee jste n\u011bkdy zaregistrovali v\u00a0prodeji nerezov\u00e9 hrnky s\u00a0dvojit\u00fdm pl\u00e1\u0161t\u011bm, tedy vn\u011bj\u0161\u00ed \u010d\u00e1st a vnit\u0159n\u00ed je spojena v\u00a0jeden celek a mezi ob\u011bma kovov\u00fdmi plechy je vrstvi\u010dka vzduchu. Ta m\u00e1 tak \u00fa\u017easnou schopnost vytv\u00e1\u0159et stejn\u00fd efekt, jako voln\u00e9 oble\u010den\u00ed, a sami si m\u016f\u017eete vyzkou\u0161et, jak to funguje. K\u00e1va nebo \u010daj z\u016fstanou uvnit\u0159 hork\u00e9 mnohem d\u00e9le, ne\u017e nap\u0159. u keramick\u00fdch hrnk\u016f stejn\u00e9 velikosti. Zat\u00edmco v tom keramick\u00e9m je k\u00e1va u\u017e studen\u00e1, v\u00a0nerezov\u00e9m s\u00a0dvojit\u00fdm pl\u00e1\u0161t\u011bm je st\u00e1le tepl\u00e1.Vzduchov\u00e1 mezera uvnit\u0159 zdiva \u2013 d\u0159\u00edve se n\u011bkter\u00e9 domy stav\u011bly tak, \u017ee mezi vn\u011bj\u0161\u00edm a vnit\u0159n\u00edm pl\u00e1\u0161t\u011bm byla vzduchov\u00e1 mezera, cca na \u0161\u00ed\u0159ku cihly. Ta perfektn\u011b izolovala teplo tak, \u017ee v\u00a0zim\u011b se uvnit\u0159 nemuselo tolik topit a v\u00a0l\u00e9t\u011b bylo zas v\u00a0dom\u011b mnohem chladn\u011bji, ne\u017e venku, i bez klimatizace. S\u00a0takto postaven\u00fdm domem z\u00a0opukov\u00e9ho kamene se m\u016f\u017eete setkat nap\u0159. na Kladensku.Mo\u017en\u00e1, \u017ee si vybav\u00edte dal\u0161\u00ed p\u0159\u00edklady, kde vzduch funguje jako izolant, a mo\u017en\u00e1, \u017ee je sami aktivn\u011b vyu\u017e\u00edv\u00e1te.                                                                                                                                                                                                                                                                                                                                                                                        4.4\/5 - (7 votes)        "},{"@context":"https:\/\/schema.org\/","@type":"BreadcrumbList","itemListElement":[{"@type":"ListItem","position":1,"name":"Co dok\u00e1\u017ee vzduch aneb jak jej vyu\u017e\u00edt ve sv\u016fj prosp\u011bch (nejen) u oble\u010den\u00ed","item":"https:\/\/www.bolly.cz\/co-dokaze-vzduch-aneb-jak-jej-vyuzit-ve-svuj-prospech-nejen-u-obleceni\/#breadcrumbitem"}]}]